

{"id":2792,"date":"2025-11-29T10:17:48","date_gmt":"2025-11-29T09:17:48","guid":{"rendered":"https:\/\/dornisoft.es\/dorniblog\/?p=2792"},"modified":"2025-11-29T11:43:00","modified_gmt":"2025-11-29T10:43:00","slug":"la-gripe-del-nilo-verde","status":"publish","type":"post","link":"https:\/\/dornisoft.es\/dorniblog\/la-gripe-del-nilo-verde\/","title":{"rendered":"La Gripe del Nilo Verde:"},"content":{"rendered":"\n<h2 class=\"wp-block-heading\"> Cuando el Inesperado Enfrentamiento en un Invernadero Desat\u00f3 una Nueva Amenaza<\/h2>\n\n\n\n<p>El sol de poniente te\u00f1\u00eda de naranja el vasto invernadero de los hermanos Ferreira en las afueras de Almendralejo. Un aroma complejo flotaba en el aire: la dulzura terrosa de los tomates de la variedad \u00abCoraz\u00f3n de Buey\u00bb se mezclaba, inusualmente, con la resina pungente de una cepa de <em>Cannabis sativa<\/em> \u00abPurple Haze\u00bb que, por razones a\u00fan no del todo claras, compart\u00eda el mismo espacio. No era una coexistencia pac\u00edfica.<\/p>\n\n\n\n<p>Manuela y Antonio Ferreira, agricultores de tercera generaci\u00f3n, hab\u00edan experimentado con el policultivo antes, pero nunca con una dicotom\u00eda tan marcada. Los tomates, por naturaleza, amantes de la luz intensa y el suelo nutritivo, parec\u00edan irritados por la sombra y los exudados radiculares de sus vecinos de hojas palmeadas. A su vez, las plantas de cannabis, habitualmente robustas, mostraban signos de estr\u00e9s: hojas amarillentas, un crecimiento atrofiado y una sorprendente susceptibilidad a plagas que antes apenas las molestaban.<\/p>\n\n\n\n<p>\u00abParece que se est\u00e1n declarando la guerra, Antonio,\u00bb murmur\u00f3 Manuela una tarde, observando c\u00f3mo las hojas de un tomate se curvaban, casi reptando lejos de una robusta planta de marihuana. \u00abEl aire aqu\u00ed est\u00e1 denso, casi el\u00e9ctrico. Ni las abejas se acercan con ganas.\u00bb<\/p>\n\n\n\n<p>Lo que los hermanos no sab\u00edan, y que la ciencia tardar\u00eda meses en desentra\u00f1ar, era que esa \u00abguerra\u00bb subterr\u00e1nea y a\u00e9rea estaba creando un caldo de cultivo ins\u00f3lito. El estr\u00e9s biol\u00f3gico extremo al que estaban sometidas ambas especies, liberando compuestos vol\u00e1tiles defensivos y metabolitos secundarios en un intento desesperado por repeler a su \u00abcompetidor\u00bb, hab\u00eda creado un entorno qu\u00edmico y biol\u00f3gico nunca antes visto.<\/p>\n\n\n\n<h3 class=\"wp-block-heading\">La Semilla de la Calamidad<\/h3>\n\n\n\n<p>En ese microclima de hostilidad bot\u00e1nica, un virus de la familia <em>Flaviviridae<\/em>, un pariente lejano de la fiebre amarilla y el dengue, se encontr\u00f3 con una oportunidad evolutiva \u00fanica. Conocido com\u00fanmente como \u00abVirus del Nilo Occidental\u00bb, este pat\u00f3geno sol\u00eda circular entre aves y mosquitos, con los humanos como hu\u00e9spedes incidentales. Pero en el invernadero Ferreira, algo cambi\u00f3.<\/p>\n\n\n\n<p>Los mosquitos, atra\u00eddos por la compleja mezcla de feromonas de estr\u00e9s emitidas por las plantas y las condiciones de humedad controlada, se convirtieron en vectores de un nuevo tipo. Sin embargo, lo verdaderamente alarmante fue que las esporas de un hongo sapr\u00f3fito, com\u00fan en suelos h\u00famedos y estresados, hab\u00edan comenzado a interactuar con las micropart\u00edculas vegetales liberadas por las plantas irritadas. Estas micropart\u00edculas, ricas en las defensinas y metabolitos alterados, actuaron como un \u00abveh\u00edculo\u00bb y \u00abcatalizador\u00bb para el virus.<\/p>\n\n\n\n<p>El virus, expuesto a esta sopa bioqu\u00edmica y transportado por las esporas f\u00fangicas que, al ser inhaladas, pod\u00edan penetrar m\u00e1s profundamente en el sistema respiratorio humano que los simples mosquitos, comenz\u00f3 a mutar. No solo adapt\u00f3 su capacidad de replicaci\u00f3n, sino que adquiri\u00f3 una afinidad inusitada por las c\u00e9lulas epiteliales respiratorias humanas.<\/p>\n\n\n\n<h3 class=\"wp-block-heading\">El Estornudo Fatal<\/h3>\n\n\n\n<p>El primer caso fue el de Antonio. Un resfriado persistente, que se convirti\u00f3 en una tos seca, luego en fiebre alta y una fatiga extrema. Al principio, lo achacaron al cansancio de la cosecha. Despu\u00e9s, los s\u00edntomas neurol\u00f3gicos comenzaron: una rigidez en el cuello, desorientaci\u00f3n y, finalmente, un delirio febril que lo llev\u00f3 al hospital comarcal. Los m\u00e9dicos estaban perplejos; no era gripe com\u00fan, ni COVID, ni la versi\u00f3n conocida del Virus del Nilo Occidental.<\/p>\n\n\n\n<p>Manuela fue la segunda. Y luego, varios trabajadores del invernadero. La diseminaci\u00f3n fue r\u00e1pida. Las esporas, imperceptibles, se hab\u00edan adherido a la ropa, a los envases de los tomates, y se propagaron con el aire acondicionado de las casas y los veh\u00edculos.<\/p>\n\n\n\n<p>La ciencia tard\u00f3 semanas en conectar los puntos: la secuencia gen\u00e9tica del nuevo virus, bautizado provisionalmente como <strong>\u00abGripe del Nilo Verde\u00bb<\/strong>, mostraba claras evidencias de recombinaci\u00f3n y adaptaci\u00f3n. Los metabolitos \u00fanicos detectados en los fluidos de los pacientes y en las muestras del invernadero de los Ferreira fueron la clave. El estr\u00e9s de las plantas, su \u00abguerra\u00bb, hab\u00eda generado las condiciones para una evoluci\u00f3n viral acelerada.<\/p>\n\n\n\n<p>Los hermanos Ferreira, con el coraz\u00f3n roto y enfrentando una investigaci\u00f3n sin precedentes, solo pudieron observar c\u00f3mo su experimento, nacido de la curiosidad agr\u00edcola, se transformaba en el epicentro de una nueva pandemia. El mundo aprendi\u00f3, de la manera m\u00e1s dura, que incluso en la aparente inocencia de un invernadero, la biolog\u00eda puede ser impredecible y que la naturaleza, cuando se la fuerza a sus l\u00edmites, a veces responde con una venganza silenciosa y devastadora.<\/p>\n\n\n\n<p>Hoy, la Gripe del Nilo Verde es una realidad. Y su origen, un recordatorio sombr\u00edo de que cada intervenci\u00f3n humana en el delicado equilibrio natural puede tener consecuencias que van mucho m\u00e1s all\u00e1 de lo que podemos prever.<\/p>\n","protected":false},"excerpt":{"rendered":"<p>Cuando el Inesperado Enfrentamiento en un Invernadero Desat\u00f3 una Nueva Amenaza El sol de poniente te\u00f1\u00eda de naranja el vasto invernadero de los hermanos Ferreira en las afueras de Almendralejo. Un aroma complejo flotaba en el aire: la dulzura terrosa de los tomates de la variedad \u00abCoraz\u00f3n de Buey\u00bb se mezclaba, inusualmente, con la resina &hellip; <a href=\"https:\/\/dornisoft.es\/dorniblog\/la-gripe-del-nilo-verde\/\" class=\"more-link\">Continuar leyendo<span class=\"screen-reader-text\"> \u00abLa Gripe del Nilo Verde:\u00bb<\/span><\/a><\/p>\n","protected":false},"author":1,"featured_media":0,"comment_status":"open","ping_status":"open","sticky":false,"template":"","format":"standard","meta":{"footnotes":""},"categories":[7,8,32,4,31],"tags":[],"class_list":["post-2792","post","type-post","status-publish","format-standard","hentry","category-blog","category-historia","category-meteorologia","category-novedades","category-salud"],"_links":{"self":[{"href":"https:\/\/dornisoft.es\/dorniblog\/wp-json\/wp\/v2\/posts\/2792","targetHints":{"allow":["GET"]}}],"collection":[{"href":"https:\/\/dornisoft.es\/dorniblog\/wp-json\/wp\/v2\/posts"}],"about":[{"href":"https:\/\/dornisoft.es\/dorniblog\/wp-json\/wp\/v2\/types\/post"}],"author":[{"embeddable":true,"href":"https:\/\/dornisoft.es\/dorniblog\/wp-json\/wp\/v2\/users\/1"}],"replies":[{"embeddable":true,"href":"https:\/\/dornisoft.es\/dorniblog\/wp-json\/wp\/v2\/comments?post=2792"}],"version-history":[{"count":1,"href":"https:\/\/dornisoft.es\/dorniblog\/wp-json\/wp\/v2\/posts\/2792\/revisions"}],"predecessor-version":[{"id":2793,"href":"https:\/\/dornisoft.es\/dorniblog\/wp-json\/wp\/v2\/posts\/2792\/revisions\/2793"}],"wp:attachment":[{"href":"https:\/\/dornisoft.es\/dorniblog\/wp-json\/wp\/v2\/media?parent=2792"}],"wp:term":[{"taxonomy":"category","embeddable":true,"href":"https:\/\/dornisoft.es\/dorniblog\/wp-json\/wp\/v2\/categories?post=2792"},{"taxonomy":"post_tag","embeddable":true,"href":"https:\/\/dornisoft.es\/dorniblog\/wp-json\/wp\/v2\/tags?post=2792"}],"curies":[{"name":"wp","href":"https:\/\/api.w.org\/{rel}","templated":true}]}}