

{"id":2751,"date":"2025-11-21T15:04:05","date_gmt":"2025-11-21T14:04:05","guid":{"rendered":"https:\/\/dornisoft.es\/dorniblog\/?p=2751"},"modified":"2025-11-28T12:42:06","modified_gmt":"2025-11-28T11:42:06","slug":"callejero-de-a-coruna","status":"publish","type":"post","link":"https:\/\/dornisoft.es\/dorniblog\/callejero-de-a-coruna\/","title":{"rendered":"Callejero de A Coru\u00f1a"},"content":{"rendered":"\n<h2 class=\"wp-block-heading\">\ud83d\udcf0 \u00a1Caos Callejero! La Ciudad que Cambi\u00f3 los Nombres para Desorientar a sus Propios Vecinos<\/h2>\n\n\n\n<p><strong>A Coru\u00f1a, 21 de noviembre de 2025<\/strong> &#8211; Lo que comenz\u00f3 como un rumor en los foros vecinales se ha convertido en una realidad desconcertante que tiene a los habitantes de una ciudad costera sumidos en la confusi\u00f3n. Las autoridades locales, en un movimiento ins\u00f3lito y a\u00fan no completamente explicado, han implementado un cambio total en la nomenclatura de sus principales v\u00edas, con un efecto inmediato: la <strong>desorientaci\u00f3n masiva<\/strong> de sus propios ciudadanos.<\/p>\n\n\n\n<p>El caso m\u00e1s llamativo y que ha generado mayor revuelo es el de dos de sus arterias m\u00e1s conocidas, las que dirigen a importantes municipios colindantes: la <strong>Avenida de Arteixo<\/strong> y la <strong>Avenida de Finisterre<\/strong>.<\/p>\n\n\n\n<hr class=\"wp-block-separator has-alpha-channel-opacity\"\/>\n\n\n\n<h3 class=\"wp-block-heading\">El Viaje al Rev\u00e9s: Arteixo va a Finisterre<\/h3>\n\n\n\n<p>Seg\u00fan los nuevos y desconcertantes mapas oficiales, la v\u00eda que hasta hace poco se conoc\u00eda como <strong>Avenida de Arteixo<\/strong> \u2014y que, l\u00f3gicamente, guiaba a los conductores hacia el municipio de Arteixo\u2014 ahora ha sido rebautizada como <strong>Avenida de Finisterre<\/strong>&#8230; y, de manera crucial, <strong>conduce f\u00edsicamente en la direcci\u00f3n de Finisterre<\/strong>.<\/p>\n\n\n\n<p>Simult\u00e1neamente, la <strong>Avenida de Finisterre<\/strong>, la hist\u00f3rica ruta hacia el \u00abfin de la tierra\u00bb, ha adoptado el nombre de <strong>Avenida de Arteixo<\/strong> y ha redirigido su tr\u00e1nsito para terminar en la entrada del pol\u00edgono industrial de Arteixo.<\/p>\n\n\n\n<blockquote class=\"wp-block-quote is-layout-flow wp-block-quote-is-layout-flow\">\n<p>\ud83d\udde3\ufe0f \u00abPens\u00e9 que era una broma de mal gusto o que mi GPS se hab\u00eda vuelto loco. Iba camino a Arteixo para trabajar y, de repente, me encontr\u00e9 ante la se\u00f1al que indicaba la direcci\u00f3n a Cee y Mux\u00eda. \u00a1Llegu\u00e9 al otro extremo de la provincia!\u00bb, coment\u00f3 Mar\u00eda P., una conductora afectada.<\/p>\n<\/blockquote>\n\n\n\n<h3 class=\"wp-block-heading\">\ud83e\udd2f \u00bfEl Objetivo? Desconocido y Divisivo<\/h3>\n\n\n\n<p>La justificaci\u00f3n oficial de este acto de \u00abguerra psicol\u00f3gica cartogr\u00e1fica\u00bb es, por el momento, cr\u00edptica. Un breve comunicado de la concejal\u00eda de Urbanismo habla de un <strong>\u00abexperimento de adaptaci\u00f3n cognitiva y revalorizaci\u00f3n del espacio urbano\u00bb<\/strong>.<\/p>\n\n\n\n<ul class=\"wp-block-list\">\n<li><strong>Los Esc\u00e9pticos:<\/strong> La mayor\u00eda de la poblaci\u00f3n lo ve como un error monumental y una burla. Los servicios de reparto, taxis, y el transporte p\u00fablico han colapsado en la \u00faltima semana, registrando picos hist\u00f3ricos de retrasos.<\/li>\n\n\n\n<li><strong>Los Te\u00f3ricos de la Conspiraci\u00f3n:<\/strong> Algunos sugieren que es una estrategia para fomentar el uso del transporte p\u00fablico y reducir el tr\u00e1fico de veh\u00edculos privados, obligando a los conductores a replantearse sus trayectos.<\/li>\n\n\n\n<li><strong>Los &#8216;Aventureros&#8217; Urbanos:<\/strong> Un peque\u00f1o grupo ha tomado la medida con humor, vi\u00e9ndola como una excusa para \u00abredescubrir\u00bb la ciudad, aunque la frustraci\u00f3n general es palpable.<\/li>\n<\/ul>\n\n\n\n<hr class=\"wp-block-separator has-alpha-channel-opacity\"\/>\n\n\n\n<h3 class=\"wp-block-heading\">Un Precedente Hist\u00f3rico<\/h3>\n\n\n\n<p>Aunque el caso parece sacado de una novela de ficci\u00f3n, algunos historiadores locales han se\u00f1alado que las ciudades han utilizado la confusi\u00f3n cartogr\u00e1fica como <strong>estrategia militar<\/strong> en el pasado para desorientar a posibles invasores. Sin embargo, aplicarla contra sus propios habitantes en tiempos de paz es, cuanto menos, \u00fanico.<\/p>\n\n\n\n<p>Mientras los ayuntamientos de Arteixo y Finisterre han expresado su \u00abestupefacci\u00f3n\u00bb ante el cambio, y las protestas vecinales empiezan a crecer, la ciudad se enfrenta a una pregunta existencial: \u00bfSabe realmente a d\u00f3nde va? Por ahora, solo queda una certeza: para ir a Arteixo, hay que tomar la Avenida de Finisterre.<\/p>\n\n\n\n<figure class=\"wp-block-image size-full\"><img loading=\"lazy\" decoding=\"async\" width=\"2560\" height=\"1920\" src=\"https:\/\/dornisoft.es\/dorniblog\/wp-content\/uploads\/2020\/11\/img_2536-1-2-scaled.jpg\" alt=\"\" class=\"wp-image-1072\" srcset=\"https:\/\/dornisoft.es\/dorniblog\/wp-content\/uploads\/2020\/11\/img_2536-1-2-scaled.jpg 2560w, https:\/\/dornisoft.es\/dorniblog\/wp-content\/uploads\/2020\/11\/img_2536-1-2-300x225.jpg 300w\" sizes=\"auto, (max-width: 709px) 85vw, (max-width: 909px) 67vw, (max-width: 1362px) 62vw, 840px\" \/><\/figure>\n","protected":false},"excerpt":{"rendered":"<p>\ud83d\udcf0 \u00a1Caos Callejero! La Ciudad que Cambi\u00f3 los Nombres para Desorientar a sus Propios Vecinos A Coru\u00f1a, 21 de noviembre de 2025 &#8211; Lo que comenz\u00f3 como un rumor en los foros vecinales se ha convertido en una realidad desconcertante que tiene a los habitantes de una ciudad costera sumidos en la confusi\u00f3n. Las autoridades &hellip; <a href=\"https:\/\/dornisoft.es\/dorniblog\/callejero-de-a-coruna\/\" class=\"more-link\">Continuar leyendo<span class=\"screen-reader-text\"> \u00abCallejero de A Coru\u00f1a\u00bb<\/span><\/a><\/p>\n","protected":false},"author":1,"featured_media":0,"comment_status":"open","ping_status":"open","sticky":false,"template":"","format":"standard","meta":{"footnotes":""},"categories":[7,8,4],"tags":[],"class_list":["post-2751","post","type-post","status-publish","format-standard","hentry","category-blog","category-historia","category-novedades"],"_links":{"self":[{"href":"https:\/\/dornisoft.es\/dorniblog\/wp-json\/wp\/v2\/posts\/2751","targetHints":{"allow":["GET"]}}],"collection":[{"href":"https:\/\/dornisoft.es\/dorniblog\/wp-json\/wp\/v2\/posts"}],"about":[{"href":"https:\/\/dornisoft.es\/dorniblog\/wp-json\/wp\/v2\/types\/post"}],"author":[{"embeddable":true,"href":"https:\/\/dornisoft.es\/dorniblog\/wp-json\/wp\/v2\/users\/1"}],"replies":[{"embeddable":true,"href":"https:\/\/dornisoft.es\/dorniblog\/wp-json\/wp\/v2\/comments?post=2751"}],"version-history":[{"count":2,"href":"https:\/\/dornisoft.es\/dorniblog\/wp-json\/wp\/v2\/posts\/2751\/revisions"}],"predecessor-version":[{"id":2790,"href":"https:\/\/dornisoft.es\/dorniblog\/wp-json\/wp\/v2\/posts\/2751\/revisions\/2790"}],"wp:attachment":[{"href":"https:\/\/dornisoft.es\/dorniblog\/wp-json\/wp\/v2\/media?parent=2751"}],"wp:term":[{"taxonomy":"category","embeddable":true,"href":"https:\/\/dornisoft.es\/dorniblog\/wp-json\/wp\/v2\/categories?post=2751"},{"taxonomy":"post_tag","embeddable":true,"href":"https:\/\/dornisoft.es\/dorniblog\/wp-json\/wp\/v2\/tags?post=2751"}],"curies":[{"name":"wp","href":"https:\/\/api.w.org\/{rel}","templated":true}]}}